{"id":2812,"date":"2023-05-09T09:03:18","date_gmt":"2023-05-09T08:03:18","guid":{"rendered":"https:\/\/visegradpost.com\/?p=2812"},"modified":"2025-05-28T09:05:21","modified_gmt":"2025-05-28T08:05:21","slug":"cpac-hungary-2023-where-viktor-orbans-friends-met-on-may-4-5","status":"publish","type":"post","link":"https:\/\/visegradpost.com\/en\/2023\/05\/09\/cpac-hungary-2023-where-viktor-orbans-friends-met-on-may-4-5\/","title":{"rendered":"CPAC Hungary 2023, where Viktor Orb\u00e1n\u2019s friends met on May 4-5"},"content":{"rendered":"<p><strong>Hungary<\/strong>\u00a0\u2013 After last year\u2019s first European instalment, a second meeting of the\u00a0Conservative Political Action Conference (CPAC)\u00a0was organized in Budapest on May 4\u20135, 2023. It is no coincidence that the Hungarian capital has again been chosen to host the only occurrence of this great meeting of conservatives (in the style of the US Republicans) on this side of the Atlantic. With\u00a0an arm-wrestle going on with Washington\u00a0over the war in Ukraine, as well as over wokeism and the entire progressive ideology, and only a year before the next European parliamentary elections, Viktor Orb\u00e1n is flexing his relations with the American Right wing, showing both the world and his voters that he is not isolated on the international scene.<\/p>\n<p><strong>\u201cNo migration, no gender, no war\u201d<\/strong><\/p>\n<p>In front of a full house at the\u00a0<em>B\u00e1lna<\/em>, a former warehouse that has been transformed into a shopping mall and convention centre on the banks of the Danube, Orb\u00e1n unleashed\u00a0a rant\u00a0against Western liberal progressivism. \u201c<em>We are all under attack \u2013 in Europe as well as in America.<\/em>\u00a0(\u2026)<em>\u00a0the attack is not economic in nature: we are dealing with a biological weapon. A virus attack has been launched against us. The virus was developed in progressive liberal laboratories.<\/em>\u00a0(\u2026)\u00a0<em>It is a nation-devouring virus<\/em>\u201d, said the Hungarian PM, in an allusion directed at an audience where opponents of Covid restrictions were present in large numbers, including Kari Lake, Rob Roos, Virginie Joron, and Eva Vlaardingerbroek, to name but a few. \u201c<em>People without a homeland can never be free: they can only be wanderers, to be transplanted here or there, playthings of the global elite.<\/em>\u201d<\/p>\n<p>A true paean to the concepts of the nation and the nation-state, Viktor Orb\u00e1n\u2019s speech focused on the collapse of the West and its relative decline compared to the rest of the world, both demographically and economically. According to Orb\u00e1n, the West has lost its place as a leader in all areas except in the military field, and this is a cause for worry: \u201c<em>If we have lost all our other advantages and only our military force remains competitive, this will push events in the direction of military conflicts. This is what is happening today.<\/em>\u201d In Orb\u00e1n\u2019s eyes, there seems to be no doubt that Westerners have only themselves to blame for this state of affairs.<\/p>\n<p>Again using the image of a virus to refer to the radical woke and progressive ideology, Viktor Orb\u00e1n then continued: \u201c<em>This virus has not simply escaped: it has been bred, it is being propagated and spread all over the world. Migration, gender, and woke: these are all just variants \u2013 variants of the same virus.<\/em>\u201d According to Orb\u00e1n, the drive for mass immigration and the woke ideology proceed from the same desire to destroy nations, atomize societies, and deconstruct identities.<\/p>\n<p>The head of the Hungarian government then attacked the \u201c<em>progressive foreign policy<\/em>\u201d, which he said is imperialist in nature and has destroyed countries in the name of exporting democracy. Hungary\u2019s Prime Minister further called for the return of Donald Trump to power in the United States, expressing the belief that if he were still president, there would currently be no war in Ukraine. \u201c<em>Progressives always pursue imperialist policy. What they are doing is textbook imperialism. First of all they put diplomatic pressure on nations, expecting them to commit themselves, to declare whether or not they support migration, gender propaganda, the relativization of families, and the sexualization of children. Those who refuse to do so are the enemy, and a liberal fatwa is pronounced on them.<\/em>\u201d<\/p>\n<p>He then concluded: \u201c<em>The latest imperial foreign policy goal of the progressives is to deprive the Member States of the European Union of the right to conduct their own foreign policy.<\/em>\u201d<\/p>\n<p>Addressing his American guests directly, Viktor Orb\u00e1n showed some optimism, with a smile on his face. \u201c<em>The good news, Dear American Friends, is that here in Europe the \u201cReconquista\u201d has begun,<\/em>\u201d he said, citing conservative victories in Italy and Israel as examples, and expressing optimism about Spain and Poland, where elections will be held this year. The 2024 European Parliament elections will be the next objective.<\/p>\n<p>Concluding his speech, Viktor Orb\u00e1n then used his viral metaphor yet again: \u201c<em>The good news for everyone is that we need look no further for a serum for the progressive virus: It is here, in Hungary. It is available to everyone. You can take it freely, it just needs a little local adaptation, and it will work anywhere.\u00a0<\/em>(\u2026)<em>\u00a0It protects against all variants of the progressive forces and has no side effects.\u00a0<\/em>(\u2026)<em>\u00a0All that is needed, before the election, is to write in huge, prominent letters on your flag: \u201cNo migration! No gender! No war!<\/em>\u201d<\/p>\n<p>For the Hungarian leader, the progressives\u2019 weak point remains democracy: \u201c<em>There are two ways to occupy a city. This is something that was already known in ancient Rome. Either you take the city\u2019s walls, or you take the city\u2019s sanctuaries. I suggest we start with the sanctuaries, and then take the walls. In recent years we have taken some great European sanctuaries: Budapest, Warsaw, Rome and Jerusalem \u2013 and the situation in Vienna is not hopeless either. But the truth is that the two main sanctuaries of modern democracy \u2013 Washington and Brussels \u2013 are still in the hands of the liberals. Let us make sure they do not stay that way!<\/em>\u201d<\/p>\n<h4><strong>A motley crew of conservatives, united against progressivism<\/strong><\/h4>\n<p>The event\u2019s somewhat chaotic organization did not prevent thousands of conservatives from gathering in the heart of the Hungarian capital for two days. Politicians, journalists, influencers, entrepreneurs, academics, and die-hard supporters were able to network, conduct interviews, and exchange thoughts under the flags of Hungary, the United States, and of\u2026 \u00a0NATO, something which amused French MEP Thierry Mariani of Marine Le Pen\u2019s National Rally, who was present at the event.<\/p>\n<p>Some journalists were not welcome, ensuring that the event was a true conservative\u00a0<em>safe space<\/em>. Journalists from\u00a0<em>The Guardian<\/em>,\u00a0<em>Le Point<\/em>, and\u00a0<em>Radio Free Europe<\/em>\u00a0were either escorted out by security \u2013 some of them had gained admission using false identities \u2013 or simply prevented from entering. Our fellow journalists from the\u00a0<em>Courrier d\u2019Europe Centrale<\/em>\u00a0were not accredited, either.<\/p>\n<p>The event is a real Tower of Babel where people from the United States, France, Spain, Portugal, Georgia, Poland, the Netherlands, Germany, Slovenia, Serbia, Sweden, and other countries come together. More interestingly, the diversity of opinions on extremely divisive issues such as the war in Ukraine or Covid-19 shows the willingness of the various forces represented at CPAC to cooperate intensively, as well as Orb\u00e1n\u2019s need to widen his circle of supporters and allies.<\/p>\n<p>But while Viktor Orb\u00e1n clearly stated his vision of the progressive agenda, differences remained among the guests. \u201c<em>It\u2019s funny that Orb\u00e1n, who put in place the same restrictive and absurd Covid rules as elsewhere, is playing footsie with those who opposed Covid restrictions here and across the Atlantic. But it is true that the wind is changing on this subject\u201d,<\/em>\u00a0I was told by a European official who wished to remain anonymous. When it came to the war in Ukraine, the Poles, few of whom attended this year, dodged the subject diplomatically and preferred to concentrate on their common fight against wokeism, cancel culture, the deconstruction of the traditional family, and the sexualization of children. Some of the messages recorded for the occasion and broadcast on the\u00a0<em>B\u00e1lna<\/em>\u00a0came from such important figures as Donald Trump, Steve Bannon, and Eduardo Bolsonaro, the son of former Brazilian President Jair Bolsonaro.<\/p>\n<p>The presence of many MEPs, as well as the rising star Kari Lake, who is said to be a potential vice-presidential running mate for the Republican nominee in the 2024 election; Georgian Prime Minister Irakli Garibashvili; the former Czech President\u00a0Vacl\u00e1v Klaus\u00a0and the former Czech and Slovenian prime ministers Andrej Babi\u0161 and\u00a0Janez Jan\u0161a\u00a0made the two-day congress a major event for conservatism at the European level.<\/p>\n<p>This was indeed Viktor Orb\u00e1n\u2019s objective, given that he is more isolated than ever within the European Union only a year before the European elections. Besides the message sent to his voters, reassuring them that their government has made the right geopolitical choices, the CPAC held in Budapest can be seen as a prelude to the conservatives\u2019 intended counter-offensive in the European Parliament. Orb\u00e1n received the event\u2019s major figures, treating them with the highest regards in the Karmelita, the former Carmelite monastery which overlooks the city from the Castle District, and which is now the Prime Minister of Hungary\u2019s office. This was also an opportunity for the large French delegation to exchange a few words with an ally who has made himself indispensable, and who needs France more and more \u2013 whether it is Macron or the conservative opposition forces \u2013 to secure Hungary\u2019s civil nuclear energy program in the face of Berlin\u2019s resistance.<\/p>\n<p>These included representatives from both sides of the divided French Right: Marine Le Pen\u2019s National Rally and \u00c9ric Zemmour\u2019s Reconquest. National Rally\u2019s chairman, Jordan Bardella, was one of the conference\u2019s last speakers, while Zemmour ally Marion Mar\u00e9chal was the only speaker at the very exclusive gala which was held on Friday evening. Just as in the autumn of 2021, when the Hungarian prime minister received \u00c9ric Zemmour and Marine Le Pen within a few weeks of each other, Orb\u00e1n is trying to show his interest in both parties without offending them or closing either door. Orb\u00e1n is certainly being very diplomatic, as his position on the war in Ukraine has isolated him more than ever within the EU, which for the most part toes the same line as the US Democrats.<\/p>\n<p>It is a position which risks making it impossible for Viktor Orb\u00e1n\u2019s party to join the European Parliament\u2019s ECR (European Conservatives and Reformists) group. Unless it creates its own group, or joins Identity &amp; Democracy (of which National Rally is a member), Fidesz MEPs could remain among the non-aligned members.<\/p>\n","protected":false},"excerpt":{"rendered":"<p>Hungary\u00a0\u2013 After last year\u2019s first European instalment, a second meeting of the\u00a0Conservative Political Action Conference (CPAC)\u00a0was organized in Budapest on May 4\u20135, 2023. It is no coincidence that the Hungarian capital has again been chosen to host the only occurrence of this great meeting of conservatives (in the style of the US Republicans) on this<\/p>","protected":false},"author":5,"featured_media":2469,"comment_status":"open","ping_status":"closed","sticky":false,"template":"","format":"standard","meta":{"footnotes":""},"categories":[23],"tags":[],"class_list":["post-2812","post","type-post","status-publish","format-standard","has-post-thumbnail","category-news"],"_links":{"self":[{"href":"https:\/\/visegradpost.com\/en\/wp-json\/wp\/v2\/posts\/2812","targetHints":{"allow":["GET"]}}],"collection":[{"href":"https:\/\/visegradpost.com\/en\/wp-json\/wp\/v2\/posts"}],"about":[{"href":"https:\/\/visegradpost.com\/en\/wp-json\/wp\/v2\/types\/post"}],"author":[{"embeddable":true,"href":"https:\/\/visegradpost.com\/en\/wp-json\/wp\/v2\/users\/5"}],"replies":[{"embeddable":true,"href":"https:\/\/visegradpost.com\/en\/wp-json\/wp\/v2\/comments?post=2812"}],"version-history":[{"count":0,"href":"https:\/\/visegradpost.com\/en\/wp-json\/wp\/v2\/posts\/2812\/revisions"}],"wp:featuredmedia":[{"embeddable":true,"href":"https:\/\/visegradpost.com\/en\/wp-json\/wp\/v2\/media\/2469"}],"wp:attachment":[{"href":"https:\/\/visegradpost.com\/en\/wp-json\/wp\/v2\/media?parent=2812"}],"wp:term":[{"taxonomy":"category","embeddable":true,"href":"https:\/\/visegradpost.com\/en\/wp-json\/wp\/v2\/categories?post=2812"},{"taxonomy":"post_tag","embeddable":true,"href":"https:\/\/visegradpost.com\/en\/wp-json\/wp\/v2\/tags?post=2812"}],"curies":[{"name":"wp","href":"https:\/\/api.w.org\/{rel}","templated":true}]}}