{"id":4606,"date":"2017-10-05T10:59:47","date_gmt":"2017-10-05T09:59:47","guid":{"rendered":"https:\/\/visegradpost.com\/?p=4606"},"modified":"2025-06-09T11:02:37","modified_gmt":"2025-06-09T10:02:37","slug":"hongrie-consultation-nationale-contre-le-plan-soros","status":"publish","type":"post","link":"https:\/\/visegradpost.com\/fr\/2017\/10\/05\/hongrie-consultation-nationale-contre-le-plan-soros\/","title":{"rendered":"Hongrie : consultation nationale contre le \u00ab plan Soros \u00bb"},"content":{"rendered":"<p><strong>Hongrie<\/strong>\u00a0\u2013 Le gouvernement conservateur hongrois de Viktor Orb\u00e1n lance une nouvelle consultation nationale. Apr\u00e8s avoir demand\u00e9 aux Hongrois de s\u2019exprimer sur les migrants et les ing\u00e9rences de Bruxelles, le gouvernement hongrois se penche cette fois sur ce qu\u2019il appelle le \u00ab plan Soros \u00bb.<\/p>\n<p>Se r\u00e9f\u00e9rant \u00e0 des d\u00e9clarations publiques et\u00a0par voie de presse\u00a0du sp\u00e9culateur et activiste mondialiste am\u00e9ricain George Soros \u2013 d\u2019origine juive hongroise, ce qui est souvent rappel\u00e9 par ceux qui veulent le d\u00e9fendre en accusant le gouvernement hongrois d\u2019antis\u00e9mitisme pour cette raison ; et de son vrai nom Gy\u00f6rgy Schwartz -, le gouvernement de Budapest cherche par cette consultation \u00e0 informer les gens des intentions de cet homme d\u2019influence concernant l\u2019Europe et la Hongrie.<\/p>\n<p>C\u2019est \u00e9galement un moyen pour le gouvernement de l\u00e9gitimer une politique de plus en plus volontariste contre l\u2019ing\u00e9rence occidentale et lib\u00e9rale-libertaire, tant soutenue par le milliardaire am\u00e9ricain.<\/p>\n<p>\u00c0 travers 7 affirmations \u2013 chacune accompagn\u00e9e d\u2019explications d\u00e9taill\u00e9es -, la consultation nationale rappelle les objectifs affich\u00e9s de George Soros :<\/p>\n<ol>\n<li>George Soros cherche \u00e0 convaincre Bruxelles d\u2019installer chaque ann\u00e9e au moins un million de migrants d\u2019Afrique et du Proche-Orient sur le territoire de l\u2019Union, y compris en Hongrie.<\/li>\n<li>George Soros et les dirigeants bruxellois souhaitent r\u00e9ussir \u00e0 faire d\u00e9manteler les barri\u00e8res de protection frontali\u00e8res par les \u00c9tats-membres de l\u2019Union, et donc aussi celle de la Hongrie, afin d\u2019ouvrir les fronti\u00e8res aux immigrants.<\/li>\n<li>Le plan Soros consiste \u00e9galement \u00e0 imposer la r\u00e9partition des immigr\u00e9s mass\u00e9s en Europe occidentale, en particulier vers les pays d\u2019Europe de l\u2019Est. La Hongrie devrait alors \u00e9galement y contribuer.<\/li>\n<li>Sur la base du plan Soros, Bruxelles devrait contraindre les \u00c9tats-membres, et donc la Hongrie, \u00e0 verser 9 millions de forints (15 000 \u20ac) d\u2019aides publiques \u00e0 chaque migrant.<\/li>\n<li>George Soros cherche \u00e9galement \u00e0 ce que les migrants b\u00e9n\u00e9ficient de peines plus l\u00e9g\u00e8res pour leurs crimes.<\/li>\n<li>L\u2019objectif du plan Soros est de rel\u00e9guer au second plan la langue et la culture des pays europ\u00e9ens afin d\u2019acc\u00e9l\u00e9rer l\u2019int\u00e9gration des immigr\u00e9s ill\u00e9gaux.<\/li>\n<li>Le plan Soros a \u00e9galement pour objet d\u2019initier des attaques politiques et sanctionner durement les pays s\u2019opposant \u00e0 l\u2019immigration.<\/li>\n<\/ol>\n<p>Pour l\u2019opposition, le gouvernement fait de George Soros un bouc \u00e9missaire et s\u2019immisce dans la campagne en vue des \u00e9lections d\u2019avril 2018, laquelle a de facto d\u00e9j\u00e0 commenc\u00e9.<\/p>\n<p>Toutefois, Viktor Orb\u00e1n et son gouvernement comptent bien mener jusqu\u2019au bout leur d\u00e9nonciation de George Soros et de ses sbires, ONG de la \u00ab soci\u00e9t\u00e9 civile \u00bb et activistes mondialistes. D\u2019apr\u00e8s les sondages, le peuple hongrois r\u00e9pondra cette fois encore favorablement aux questions du gouvernement, donnant ainsi \u00e0 Viktor Orb\u00e1n la l\u00e9gitimit\u00e9 renouvel\u00e9e pour agir contre le d\u00e9nomm\u00e9 \u00ab plan Soros \u00bb.<\/p>\n<div><\/div>\n","protected":false},"excerpt":{"rendered":"<p>Hongrie\u00a0\u2013 Le gouvernement conservateur hongrois de Viktor Orb\u00e1n lance une nouvelle consultation nationale. Apr\u00e8s avoir demand\u00e9 aux Hongrois de s\u2019exprimer sur les migrants et les ing\u00e9rences de Bruxelles, le gouvernement hongrois se penche cette fois sur ce qu\u2019il appelle le \u00ab plan Soros \u00bb. Se r\u00e9f\u00e9rant \u00e0 des d\u00e9clarations publiques et\u00a0par voie de presse\u00a0du sp\u00e9culateur<\/p>","protected":false},"author":5,"featured_media":4607,"comment_status":"open","ping_status":"closed","sticky":false,"template":"","format":"standard","meta":{"footnotes":""},"categories":[13],"tags":[],"class_list":["post-4606","post","type-post","status-publish","format-standard","has-post-thumbnail","category-actu"],"_links":{"self":[{"href":"https:\/\/visegradpost.com\/fr\/wp-json\/wp\/v2\/posts\/4606","targetHints":{"allow":["GET"]}}],"collection":[{"href":"https:\/\/visegradpost.com\/fr\/wp-json\/wp\/v2\/posts"}],"about":[{"href":"https:\/\/visegradpost.com\/fr\/wp-json\/wp\/v2\/types\/post"}],"author":[{"embeddable":true,"href":"https:\/\/visegradpost.com\/fr\/wp-json\/wp\/v2\/users\/5"}],"replies":[{"embeddable":true,"href":"https:\/\/visegradpost.com\/fr\/wp-json\/wp\/v2\/comments?post=4606"}],"version-history":[{"count":0,"href":"https:\/\/visegradpost.com\/fr\/wp-json\/wp\/v2\/posts\/4606\/revisions"}],"wp:featuredmedia":[{"embeddable":true,"href":"https:\/\/visegradpost.com\/fr\/wp-json\/wp\/v2\/media\/4607"}],"wp:attachment":[{"href":"https:\/\/visegradpost.com\/fr\/wp-json\/wp\/v2\/media?parent=4606"}],"wp:term":[{"taxonomy":"category","embeddable":true,"href":"https:\/\/visegradpost.com\/fr\/wp-json\/wp\/v2\/categories?post=4606"},{"taxonomy":"post_tag","embeddable":true,"href":"https:\/\/visegradpost.com\/fr\/wp-json\/wp\/v2\/tags?post=4606"}],"curies":[{"name":"wp","href":"https:\/\/api.w.org\/{rel}","templated":true}]}}