{"id":6558,"date":"2025-06-21T08:58:00","date_gmt":"2025-06-21T07:58:00","guid":{"rendered":"https:\/\/visegradpost.com\/?p=6558"},"modified":"2025-06-21T08:58:00","modified_gmt":"2025-06-21T07:58:00","slug":"coup-de-tonnerre-lallemagne-defie-la-france-en-rejetant-cette-taxe-sur-les-geants-americains-du-numerique-au-coeur-dune-guerre-commerciale-explosive","status":"publish","type":"post","link":"https:\/\/visegradpost.com\/fr\/2025\/06\/21\/coup-de-tonnerre-lallemagne-defie-la-france-en-rejetant-cette-taxe-sur-les-geants-americains-du-numerique-au-coeur-dune-guerre-commerciale-explosive\/","title":{"rendered":"Coup de tonnerre : l\u2019Allemagne d\u00e9fie la France en rejetant cette taxe sur les g\u00e9ants am\u00e9ricains du num\u00e9rique au c\u0153ur d\u2019une guerre commerciale explosive"},"content":{"rendered":"<figure class=\"wp-block-table\">\n<table>\n<tbody>\n<tr>\n<td><strong>EN BREF<\/strong><\/td>\n<\/tr>\n<tr>\n<td>\n<ul>\n<li>\ud83c\uddfa\ud83c\uddf8 Les \u00c9tats-Unis imposent des <strong>tarifs douaniers<\/strong> significatifs sur les produits europ\u00e9ens, provoquant des tensions commerciales.<\/li>\n<li>\ud83c\uddeb\ud83c\uddf7 La France propose de taxer les services num\u00e9riques am\u00e9ricains en r\u00e9ponse aux mesures protectionnistes am\u00e9ricaines.<\/li>\n<li>\ud83c\udde9\ud83c\uddea L&rsquo;Allemagne s&rsquo;oppose \u00e0 cette taxation, soulignant sa d\u00e9pendance aux <strong>technologies am\u00e9ricaines<\/strong> telles que le cloud et l&rsquo;intelligence artificielle.<\/li>\n<li>\ud83d\udca1 L&rsquo;absence d&rsquo;une strat\u00e9gie commune au sein de l&rsquo;UE met en lumi\u00e8re les d\u00e9fis pour renforcer l&rsquo;<strong>unit\u00e9 \u00e9conomique<\/strong> europ\u00e9enne.<\/li>\n<\/ul>\n<\/td>\n<\/tr>\n<\/tbody>\n<\/table>\n<\/figure>\n<p>La r\u00e9cente opposition de l&rsquo;Allemagne \u00e0 la proposition fran\u00e7aise de taxer les grandes entreprises technologiques am\u00e9ricaines souligne les difficult\u00e9s rencontr\u00e9es par l&rsquo;Europe pour adopter une strat\u00e9gie commune face \u00e0 la guerre commerciale d\u00e9clar\u00e9e par les \u00c9tats-Unis. Alors que les tensions commerciales s&rsquo;intensifient, l&rsquo;Allemagne et la France semblent emprunter des voies divergentes, ajoutant de la complexit\u00e9 \u00e0 la dynamique d\u00e9j\u00e0 tendue de l&rsquo;Union europ\u00e9enne.<\/p>\n<h2>Les mesures tarifaires des \u00c9tats-Unis : un d\u00e9fi pour l&rsquo;Union europ\u00e9enne<\/h2>\n<p>L&rsquo;administration am\u00e9ricaine, sous la pr\u00e9sidence de Donald Trump, a impos\u00e9 des tarifs douaniers significatifs sur les produits europ\u00e9ens. Des taxes de 10 % sur tous les biens de l&rsquo;UE, ainsi que de 25 % sur l&rsquo;acier, l&rsquo;aluminium et les automobiles, ont \u00e9t\u00e9 mises en application. Ces mesures protectionnistes ont provoqu\u00e9 une onde de choc \u00e9conomique \u00e0 travers le continent europ\u00e9en, for\u00e7ant les \u00c9tats membres \u00e0 r\u00e9agir. <i>L&rsquo;urgence d&rsquo;une r\u00e9ponse coordonn\u00e9e de l&rsquo;UE est plus que jamais n\u00e9cessaire<\/i>, mais les divergences internes compliquent la situation.<\/p>\n<p>En r\u00e9ponse, la France a propos\u00e9 de cibler les services num\u00e9riques am\u00e9ricains dans la r\u00e9plique tarifaire de l&rsquo;UE. Sophie Primas, porte-parole fran\u00e7aise, a d\u00e9clar\u00e9 que la France \u00e9tait pr\u00eate \u00e0 riposter de mani\u00e8re cibl\u00e9e, soulignant l&rsquo;importance strat\u00e9gique des g\u00e9ants du num\u00e9rique dans l&rsquo;\u00e9conomie contemporaine. Cependant, cette proposition n&rsquo;a pas fait l&rsquo;unanimit\u00e9 au sein des partenaires europ\u00e9ens.<\/p>\n<blockquote class=\"wp-embedded-content\" data-secret=\"ks8mKN2Fak\"><p><a href=\"https:\/\/visegradpost.com\/fr\/2025\/06\/13\/ce-microrobot-chinois-se-faufile-dans-le-corps-une-avancee-medicale-propre-et-ultrarapide-pour-traiter-a-lechelle-cellulaire\/\">\u00ab Ce microrobot chinois se faufile dans le corps \u00bb : une avanc\u00e9e m\u00e9dicale propre et ultrarapide pour traiter \u00e0 l\u2019\u00e9chelle cellulaire<\/a><\/p><\/blockquote>\n<p><iframe class=\"wp-embedded-content\" sandbox=\"allow-scripts\" security=\"restricted\" style=\"position: absolute; visibility: hidden;\" title=\"\u00ab\u00a0\u00ab Ce microrobot chinois se faufile dans le corps \u00bb : une avanc\u00e9e m\u00e9dicale propre et ultrarapide pour traiter \u00e0 l\u2019\u00e9chelle cellulaire\u00a0\u00bb &#8212; Visegr\u00e1d Post\" src=\"https:\/\/visegradpost.com\/fr\/2025\/06\/13\/ce-microrobot-chinois-se-faufile-dans-le-corps-une-avancee-medicale-propre-et-ultrarapide-pour-traiter-a-lechelle-cellulaire\/embed\/#?secret=6STJCXIjSs#?secret=ks8mKN2Fak\" data-secret=\"ks8mKN2Fak\" width=\"600\" height=\"338\" frameborder=\"0\" marginwidth=\"0\" marginheight=\"0\" scrolling=\"no\"><\/iframe><\/p>\n<h2>L&rsquo;Allemagne : une position prudente face \u00e0 la taxation des services num\u00e9riques<\/h2>\n<p>Contrairement \u00e0 la France, l&rsquo;Allemagne a exprim\u00e9 des r\u00e9serves quant \u00e0 l&rsquo;id\u00e9e de taxer les services num\u00e9riques am\u00e9ricains. Lors d&rsquo;une conf\u00e9rence de presse \u00e0 Bruxelles, J\u00f6rg Kukies, ministre f\u00e9d\u00e9ral allemand des Finances, a clarifi\u00e9 la position allemande en affirmant que <strong>taxer les services num\u00e9riques am\u00e9ricains n&rsquo;\u00e9tait pas envisageable<\/strong>, surtout apr\u00e8s que Trump ait r\u00e9duit certains tarifs de 20 % \u00e0 10 %.<\/p>\n<p>Kukies a soulign\u00e9 l&rsquo;absence d&rsquo;alternatives europ\u00e9ennes aux centres de donn\u00e9es, aux services cloud et aux technologies d&rsquo;intelligence artificielle fournis par les \u00c9tats-Unis. Cette d\u00e9pendance technologique place l&rsquo;Europe dans une position de vuln\u00e9rabilit\u00e9, rendant toute mesure de taxation risqu\u00e9e. Toutefois, Kukies n&rsquo;a pas exclu la possibilit\u00e9 de revoir cette position si les \u00c9tats-Unis d\u00e9cidaient d&rsquo;augmenter \u00e0 nouveau les tarifs.<\/p>\n<blockquote class=\"wp-embedded-content\" data-secret=\"imyYouZyiE\"><p><a href=\"https:\/\/visegradpost.com\/fr\/2025\/06\/13\/la-menace-nucleaire-revelee-lus-air-force-devoile-ce-missile-de-croisiere-terrifiant-pour-ses-avions-b-21-et-b-52\/\">La menace nucl\u00e9aire r\u00e9v\u00e9l\u00e9e : l\u2019US Air Force d\u00e9voile ce missile de croisi\u00e8re terrifiant pour ses avions B-21 et B-52<\/a><\/p><\/blockquote>\n<p><iframe class=\"wp-embedded-content\" sandbox=\"allow-scripts\" security=\"restricted\" style=\"position: absolute; visibility: hidden;\" title=\"\u00ab\u00a0La menace nucl\u00e9aire r\u00e9v\u00e9l\u00e9e : l\u2019US Air Force d\u00e9voile ce missile de croisi\u00e8re terrifiant pour ses avions B-21 et B-52\u00a0\u00bb &#8212; Visegr\u00e1d Post\" src=\"https:\/\/visegradpost.com\/fr\/2025\/06\/13\/la-menace-nucleaire-revelee-lus-air-force-devoile-ce-missile-de-croisiere-terrifiant-pour-ses-avions-b-21-et-b-52\/embed\/#?secret=qfhPuAKGrL#?secret=imyYouZyiE\" data-secret=\"imyYouZyiE\" width=\"600\" height=\"338\" frameborder=\"0\" marginwidth=\"0\" marginheight=\"0\" scrolling=\"no\"><\/iframe><\/p>\n<h2>Les implications \u00e9conomiques de la d\u00e9pendance technologique<\/h2>\n<p>La d\u00e9pendance de l&rsquo;Europe envers les technologies am\u00e9ricaines n&rsquo;est pas sans cons\u00e9quences \u00e9conomiques. En 2023, l&rsquo;UE affichait un d\u00e9ficit significatif de 108,6 milliards d&rsquo;euros dans le secteur des services avec les \u00c9tats-Unis. <i>Cette situation met en lumi\u00e8re le d\u00e9s\u00e9quilibre commercial persistant entre les deux puissances<\/i>, accentu\u00e9 par la mainmise am\u00e9ricaine sur les innovations technologiques.<\/p>\n<p>Pour certains analystes, cette d\u00e9pendance pourrait ralentir la capacit\u00e9 de l&rsquo;UE \u00e0 prendre des d\u00e9cisions autonomes en mati\u00e8re de politique commerciale. L&rsquo;incapacit\u00e9 \u00e0 d\u00e9velopper des infrastructures technologiques europ\u00e9ennes robustes renforce cette d\u00e9pendance, limitant ainsi les options strat\u00e9giques de l&rsquo;Europe dans le contexte de la guerre commerciale.<\/p>\n<blockquote class=\"wp-embedded-content\" data-secret=\"8FPkityrVu\"><p><a href=\"https:\/\/visegradpost.com\/fr\/2025\/06\/13\/un-test-spatial-chinois-sous-tension-maximale-pourquoi-le-ravitaillement-orbital-obsede-les-espions-americains\/\">Un test spatial chinois sous tension maximale : pourquoi le ravitaillement orbital obs\u00e8de les espions am\u00e9ricains<\/a><\/p><\/blockquote>\n<p><iframe class=\"wp-embedded-content\" sandbox=\"allow-scripts\" security=\"restricted\" style=\"position: absolute; visibility: hidden;\" title=\"\u00ab\u00a0Un test spatial chinois sous tension maximale : pourquoi le ravitaillement orbital obs\u00e8de les espions am\u00e9ricains\u00a0\u00bb &#8212; Visegr\u00e1d Post\" src=\"https:\/\/visegradpost.com\/fr\/2025\/06\/13\/un-test-spatial-chinois-sous-tension-maximale-pourquoi-le-ravitaillement-orbital-obsede-les-espions-americains\/embed\/#?secret=j2eX30mEMi#?secret=8FPkityrVu\" data-secret=\"8FPkityrVu\" width=\"600\" height=\"338\" frameborder=\"0\" marginwidth=\"0\" marginheight=\"0\" scrolling=\"no\"><\/iframe><\/p>\n<h2>Quel avenir pour la strat\u00e9gie commerciale europ\u00e9enne ?<\/h2>\n<p>L&rsquo;absence d&rsquo;une position unifi\u00e9e au sein de l&rsquo;UE face aux tarifs am\u00e9ricains r\u00e9v\u00e8le des fissures dans l&rsquo;unit\u00e9 europ\u00e9enne. Alors que certains pays, comme la France, appellent \u00e0 des mesures fermes contre les \u00c9tats-Unis, d&rsquo;autres, \u00e0 l&rsquo;image de l&rsquo;Allemagne, pr\u00f4nent la prudence. Cette divergence de vues pourrait affaiblir la capacit\u00e9 de l&rsquo;Europe \u00e0 faire front commun contre les politiques protectionnistes am\u00e9ricaines.<\/p>\n<p>En outre, l&rsquo;\u00e9volution des rapports de force \u00e9conomiques et la n\u00e9cessit\u00e9 d&rsquo;une transition vers une plus grande ind\u00e9pendance technologique europ\u00e9enne sont des enjeux cruciaux \u00e0 prendre en compte. <strong>La question reste de savoir comment l&rsquo;Europe parviendra \u00e0 concilier les int\u00e9r\u00eats divergents de ses membres<\/strong> tout en renfor\u00e7ant sa position sur la sc\u00e8ne mondiale.<\/p>\n<p>Face \u00e0 ces d\u00e9fis complexes, l&rsquo;Union europ\u00e9enne doit se demander : quelles strat\u00e9gies innovantes peuvent-elles \u00eatre adopt\u00e9es pour r\u00e9duire la d\u00e9pendance technologique tout en renfor\u00e7ant l&rsquo;unit\u00e9 commerciale face aux \u00c9tats-Unis ?<\/p>\n<div class=\"source\">L&rsquo;auteur s\u2019est appuy\u00e9 sur l\u2019intelligence artificielle pour enrichir cet article.<\/div>\n","protected":false},"excerpt":{"rendered":"<p>Les \u00c9tats-Unis imposent des tarifs douaniers significatifs sur les produits europ\u00e9ens, provoquant des tensions commerciales. La France propose de taxer les services num\u00e9riques am\u00e9ricains en r\u00e9ponse aux mesures protectionnistes am\u00e9ricaines. L&rsquo;Allemagne s&rsquo;oppose \u00e0 cette taxation, soulignant sa d\u00e9pendance aux technologies am\u00e9ricaines telles que le cloud et l&rsquo;intelligence artificielle. L&rsquo;absence<\/p>","protected":false},"author":6,"featured_media":6705,"comment_status":"open","ping_status":"closed","sticky":false,"template":"","format":"standard","meta":{"footnotes":""},"categories":[24],"tags":[129,147,135],"class_list":["post-6558","post","type-post","status-publish","format-standard","has-post-thumbnail","category-economie","tag-geopolitique","tag-innovation-technologique","tag-technologie"],"_links":{"self":[{"href":"https:\/\/visegradpost.com\/fr\/wp-json\/wp\/v2\/posts\/6558","targetHints":{"allow":["GET"]}}],"collection":[{"href":"https:\/\/visegradpost.com\/fr\/wp-json\/wp\/v2\/posts"}],"about":[{"href":"https:\/\/visegradpost.com\/fr\/wp-json\/wp\/v2\/types\/post"}],"author":[{"embeddable":true,"href":"https:\/\/visegradpost.com\/fr\/wp-json\/wp\/v2\/users\/6"}],"replies":[{"embeddable":true,"href":"https:\/\/visegradpost.com\/fr\/wp-json\/wp\/v2\/comments?post=6558"}],"version-history":[{"count":0,"href":"https:\/\/visegradpost.com\/fr\/wp-json\/wp\/v2\/posts\/6558\/revisions"}],"wp:featuredmedia":[{"embeddable":true,"href":"https:\/\/visegradpost.com\/fr\/wp-json\/wp\/v2\/media\/6705"}],"wp:attachment":[{"href":"https:\/\/visegradpost.com\/fr\/wp-json\/wp\/v2\/media?parent=6558"}],"wp:term":[{"taxonomy":"category","embeddable":true,"href":"https:\/\/visegradpost.com\/fr\/wp-json\/wp\/v2\/categories?post=6558"},{"taxonomy":"post_tag","embeddable":true,"href":"https:\/\/visegradpost.com\/fr\/wp-json\/wp\/v2\/tags?post=6558"}],"curies":[{"name":"wp","href":"https:\/\/api.w.org\/{rel}","templated":true}]}}