{"id":7336,"date":"2025-06-26T07:13:36","date_gmt":"2025-06-26T06:13:36","guid":{"rendered":"https:\/\/visegradpost.com\/?p=7336"},"modified":"2025-06-22T11:20:49","modified_gmt":"2025-06-22T10:20:49","slug":"ces-mysterieux-vols-chinois-vers-liran-inquietent-les-experts-une-disparition-des-radars-en-pleine-alerte-geopolitique","status":"publish","type":"post","link":"https:\/\/visegradpost.com\/fr\/2025\/06\/26\/ces-mysterieux-vols-chinois-vers-liran-inquietent-les-experts-une-disparition-des-radars-en-pleine-alerte-geopolitique\/","title":{"rendered":"Ces myst\u00e9rieux vols chinois vers l\u2019Iran inqui\u00e8tent les experts : une disparition des radars en pleine alerte g\u00e9opolitique"},"content":{"rendered":"<figure class=\"wp-block-table\">\n<table>\n<tbody>\n<tr>\n<td><strong>EN BREF<\/strong><\/td>\n<\/tr>\n<tr>\n<td>\n<ul>\n<li>\u2708\ufe0f Les vols <strong>cargo<\/strong> de Chine vers l&rsquo;Iran disparaissent myst\u00e9rieusement des radars \u00e0 proximit\u00e9 de l&rsquo;espace a\u00e9rien iranien.<\/li>\n<li>\ud83d\uded1 Cargolux, soup\u00e7onn\u00e9 \u00e0 tort, d\u00e9ment toute implication et affirme que ses avions n&rsquo;utilisent pas l&rsquo;espace a\u00e9rien iranien.<\/li>\n<li>\ud83e\udd1d Le partenariat <strong>strat\u00e9gique<\/strong> sino-iranien se renforce, port\u00e9 par des int\u00e9r\u00eats \u00e9nerg\u00e9tiques et une opposition commune \u00e0 l&rsquo;h\u00e9g\u00e9monie am\u00e9ricaine.<\/li>\n<li>\ud83c\udf0d Ces \u00e9v\u00e9nements soul\u00e8vent des interrogations sur le r\u00f4le de la Chine dans le conflit iranien, affectant les dynamiques <strong>g\u00e9opolitiques<\/strong> mondiales.<\/li>\n<\/ul>\n<\/td>\n<\/tr>\n<\/tbody>\n<\/table>\n<\/figure>\n<p>Depuis plusieurs semaines, une s\u00e9rie de vols de Boeing 747 cargo reliant la Chine \u00e0 l&rsquo;Iran intrigue les analystes occidentaux. Ces avions, apr\u00e8s avoir quitt\u00e9 la Chine, disparaissent myst\u00e9rieusement des radars \u00e0 l&rsquo;approche de l&rsquo;espace a\u00e9rien iranien. Cette situation soul\u00e8ve de nombreuses questions, notamment sur le contenu de ces vols et les motivations de la Chine. Tandis que les tensions au Moyen-Orient s&rsquo;intensifient, ces mouvements a\u00e9riens pourraient indiquer un soutien discret de P\u00e9kin \u00e0 T\u00e9h\u00e9ran, alors que l&rsquo;Iran subit une pression militaire croissante de la part d&rsquo;Isra\u00ebl.<\/p>\n<h2>Des vols fant\u00f4mes entre la Chine et l&rsquo;Iran<\/h2>\n<p>Les avions en question ont emprunt\u00e9 un trajet bien sp\u00e9cifique \u00e0 travers l&rsquo;Asie centrale, survolant le Kazakhstan, l&rsquo;Ouzb\u00e9kistan et le Turkm\u00e9nistan, avant de dispara\u00eetre des \u00e9crans radar \u00e0 proximit\u00e9 de l&rsquo;Iran. Bien que leur destination officielle soit le Luxembourg, aucun de ces appareils n&rsquo;a p\u00e9n\u00e9tr\u00e9 l&rsquo;espace a\u00e9rien europ\u00e9en. Les experts en d\u00e9fense, cit\u00e9s par divers m\u00e9dias, \u00e9mettent l&rsquo;hypoth\u00e8se d&rsquo;un soutien logistique de la Chine \u00e0 l&rsquo;Iran, son alli\u00e9 de longue date. <strong>Les appareils utilis\u00e9s, des Boeing 747 configur\u00e9s pour le transport de marchandises, laissent penser qu&rsquo;ils pourraient transporter du mat\u00e9riel militaire ou d&rsquo;autres \u00e9quipements sensibles.<\/strong> Cette situation est d&rsquo;autant plus pr\u00e9occupante que l&rsquo;Iran est actuellement sous le feu des attaques isra\u00e9liennes visant ses infrastructures nucl\u00e9aires.<\/p>\n<blockquote class=\"wp-embedded-content\" data-secret=\"9YnDTqGDoW\"><p><a href=\"https:\/\/visegradpost.com\/fr\/2025\/06\/19\/decouverte-explosive-dans-cette-commune-du-cantal-un-gisement-de-thorium-echappe-a-la-france-la-chine-avait-deja-tout-verrouille-via-sa-filiale-francaise\/\">D\u00e9couverte explosive dans cette commune du Cantal : un gisement de thorium \u00e9chappe \u00e0 la France, la Chine avait d\u00e9j\u00e0 tout verrouill\u00e9 via sa filiale fran\u00e7aise<\/a><\/p><\/blockquote>\n<p><iframe class=\"wp-embedded-content\" sandbox=\"allow-scripts\" security=\"restricted\" style=\"position: absolute; visibility: hidden;\" title=\"\u00ab\u00a0D\u00e9couverte explosive dans cette commune du Cantal : un gisement de thorium \u00e9chappe \u00e0 la France, la Chine avait d\u00e9j\u00e0 tout verrouill\u00e9 via sa filiale fran\u00e7aise\u00a0\u00bb &#8212; Visegr\u00e1d Post\" src=\"https:\/\/visegradpost.com\/fr\/2025\/06\/19\/decouverte-explosive-dans-cette-commune-du-cantal-un-gisement-de-thorium-echappe-a-la-france-la-chine-avait-deja-tout-verrouille-via-sa-filiale-francaise\/embed\/#?secret=9jIhmtSgaD#?secret=9YnDTqGDoW\" data-secret=\"9YnDTqGDoW\" width=\"600\" height=\"338\" frameborder=\"0\" marginwidth=\"0\" marginheight=\"0\" scrolling=\"no\"><\/iframe><\/p>\n<h2>Pr\u00e9paration \u00e0 un conflit imminent<\/h2>\n<p>Ces vols ont initialement \u00e9t\u00e9 associ\u00e9s \u00e0 la compagnie de transport Cargolux, bas\u00e9e au Luxembourg, ce qui a g\u00e9n\u00e9r\u00e9 une vive pol\u00e9mique. Cependant, Cargolux a rapidement d\u00e9menti toute implication, affirmant que ses avions n&rsquo;utilisent pas l&rsquo;espace a\u00e9rien iranien et que leurs syst\u00e8mes de suivi en temps r\u00e9el corroborent cette affirmation. <strong>La transparence et le respect des protocoles internationaux sont au c\u0153ur des pr\u00e9occupations de Cargolux, qui cherche \u00e0 dissiper tout malentendu.<\/strong> Pendant ce temps, la Chine maintient une position officielle mesur\u00e9e, appelant \u00e0 une d\u00e9sescalade du conflit entre l&rsquo;Iran et Isra\u00ebl, tout en semblant renforcer ses liens avec T\u00e9h\u00e9ran.<\/p>\n<blockquote class=\"wp-embedded-content\" data-secret=\"qYvyKHQy5l\"><p><a href=\"https:\/\/visegradpost.com\/fr\/2025\/06\/21\/la-france-persiste-et-signe-ce-refus-categorique-de-relacher-les-regles-sur-les-exportations-darmes-en-europe-bouleverse-le-paysage-geopolitique-du-continent\/\">La France persiste et signe : ce refus cat\u00e9gorique de rel\u00e2cher les r\u00e8gles sur les exportations d\u2019armes en Europe bouleverse le paysage g\u00e9opolitique du continent<\/a><\/p><\/blockquote>\n<p><iframe class=\"wp-embedded-content\" sandbox=\"allow-scripts\" security=\"restricted\" style=\"position: absolute; visibility: hidden;\" title=\"\u00ab\u00a0La France persiste et signe : ce refus cat\u00e9gorique de rel\u00e2cher les r\u00e8gles sur les exportations d\u2019armes en Europe bouleverse le paysage g\u00e9opolitique du continent\u00a0\u00bb &#8212; Visegr\u00e1d Post\" src=\"https:\/\/visegradpost.com\/fr\/2025\/06\/21\/la-france-persiste-et-signe-ce-refus-categorique-de-relacher-les-regles-sur-les-exportations-darmes-en-europe-bouleverse-le-paysage-geopolitique-du-continent\/embed\/#?secret=yMd22NZRZA#?secret=qYvyKHQy5l\" data-secret=\"qYvyKHQy5l\" width=\"600\" height=\"338\" frameborder=\"0\" marginwidth=\"0\" marginheight=\"0\" scrolling=\"no\"><\/iframe><\/p>\n<h2>Un partenariat strat\u00e9gique sino-iranien<\/h2>\n<p>La Chine et l&rsquo;Iran partagent une relation strat\u00e9gique fond\u00e9e sur une opposition commune \u00e0 l&rsquo;h\u00e9g\u00e9monie am\u00e9ricaine et une aspiration \u00e0 un ordre mondial multipolaire. <strong>L&rsquo;Iran est \u00e9galement l&rsquo;un des principaux fournisseurs d&rsquo;\u00e9nergie de la Chine, lui exportant environ deux millions de barils de p\u00e9trole par jour.<\/strong> Robert Greenway, du Heritage Foundation\u2019s Center for National Defense, souligne l&rsquo;importance de cette relation dans le contexte actuel. La d\u00e9pendance \u00e9nerg\u00e9tique de la Chine vis-\u00e0-vis de l&rsquo;Iran pourrait expliquer son int\u00e9r\u00eat \u00e0 maintenir la stabilit\u00e9 dans la r\u00e9gion, tout en renfor\u00e7ant discr\u00e8tement ses alliances.<\/p>\n<blockquote class=\"wp-embedded-content\" data-secret=\"lEOcLon2LP\"><p><a href=\"https:\/\/visegradpost.com\/fr\/2025\/06\/18\/ces-missiles-chinois-caches-dans-des-conteneurs-pourraient-frapper-les-etats-unis-une-menace-strategique-grandissante\/\">Ces missiles chinois cach\u00e9s dans des conteneurs pourraient frapper les \u00c9tats-Unis : une menace strat\u00e9gique grandissante<\/a><\/p><\/blockquote>\n<p><iframe class=\"wp-embedded-content\" sandbox=\"allow-scripts\" security=\"restricted\" style=\"position: absolute; visibility: hidden;\" title=\"\u00ab\u00a0Ces missiles chinois cach\u00e9s dans des conteneurs pourraient frapper les \u00c9tats-Unis : une menace strat\u00e9gique grandissante\u00a0\u00bb &#8212; Visegr\u00e1d Post\" src=\"https:\/\/visegradpost.com\/fr\/2025\/06\/18\/ces-missiles-chinois-caches-dans-des-conteneurs-pourraient-frapper-les-etats-unis-une-menace-strategique-grandissante\/embed\/#?secret=OQCHxP5cw0#?secret=lEOcLon2LP\" data-secret=\"lEOcLon2LP\" width=\"600\" height=\"338\" frameborder=\"0\" marginwidth=\"0\" marginheight=\"0\" scrolling=\"no\"><\/iframe><\/p>\n<h2>Les implications g\u00e9opolitiques<\/h2>\n<p>Alors que la situation au Moyen-Orient se d\u00e9t\u00e9riore rapidement, ces vols \u00e9nigmatiques soul\u00e8vent des pr\u00e9occupations quant \u00e0 l&rsquo;implication croissante de la Chine dans le conflit. <i>Les services de renseignement occidentaux craignent que ces \u00e9changes ne r\u00e9v\u00e8lent un niveau de soutien plus important que celui officiellement annonc\u00e9.<\/i> De plus, la position de la Chine pourrait influencer les dynamiques r\u00e9gionales et mondiales, notamment en ce qui concerne les relations avec d&rsquo;autres grandes puissances telles que la Russie. Tandis que les tensions augmentent, la question demeure : jusqu&rsquo;o\u00f9 la Chine est-elle pr\u00eate \u00e0 aller pour soutenir l&rsquo;Iran dans ce contexte de crise ?<\/p>\n<p>La disparition de ces avions cargo suscite de nombreuses interrogations sur la sc\u00e8ne internationale. Alors que les tensions entre l&rsquo;Iran et Isra\u00ebl continuent de s&rsquo;intensifier, la communaut\u00e9 internationale observe avec attention les actions de la Chine. Quels impacts ces myst\u00e9rieux vols auront-ils sur l&rsquo;\u00e9quilibre g\u00e9opolitique d\u00e9j\u00e0 fragile au Moyen-Orient, et comment les puissances mondiales r\u00e9agiront-elles face \u00e0 ces d\u00e9veloppements ?<\/p>\n<div class=\"source\">L&rsquo;auteur s\u2019est appuy\u00e9 sur l\u2019intelligence artificielle pour enrichir cet article.<\/div>\n","protected":false},"excerpt":{"rendered":"<p>Les vols cargo de Chine vers l&rsquo;Iran disparaissent myst\u00e9rieusement des radars \u00e0 proximit\u00e9 de l&rsquo;espace a\u00e9rien iranien. Cargolux, soup\u00e7onn\u00e9 \u00e0 tort, d\u00e9ment toute implication et affirme que ses avions n&rsquo;utilisent pas l&rsquo;espace a\u00e9rien iranien. Le partenariat strat\u00e9gique sino-iranien se renforce, port\u00e9 par des int\u00e9r\u00eats \u00e9nerg\u00e9tiques et une opposition commune \u00e0<\/p>","protected":false},"author":7,"featured_media":7372,"comment_status":"open","ping_status":"closed","sticky":false,"template":"","format":"standard","meta":{"footnotes":""},"categories":[16],"tags":[130,129,153],"class_list":["post-7336","post","type-post","status-publish","format-standard","has-post-thumbnail","category-monde","tag-defense-militaire","tag-geopolitique","tag-technologie-aeronautique"],"_links":{"self":[{"href":"https:\/\/visegradpost.com\/fr\/wp-json\/wp\/v2\/posts\/7336","targetHints":{"allow":["GET"]}}],"collection":[{"href":"https:\/\/visegradpost.com\/fr\/wp-json\/wp\/v2\/posts"}],"about":[{"href":"https:\/\/visegradpost.com\/fr\/wp-json\/wp\/v2\/types\/post"}],"author":[{"embeddable":true,"href":"https:\/\/visegradpost.com\/fr\/wp-json\/wp\/v2\/users\/7"}],"replies":[{"embeddable":true,"href":"https:\/\/visegradpost.com\/fr\/wp-json\/wp\/v2\/comments?post=7336"}],"version-history":[{"count":0,"href":"https:\/\/visegradpost.com\/fr\/wp-json\/wp\/v2\/posts\/7336\/revisions"}],"wp:featuredmedia":[{"embeddable":true,"href":"https:\/\/visegradpost.com\/fr\/wp-json\/wp\/v2\/media\/7372"}],"wp:attachment":[{"href":"https:\/\/visegradpost.com\/fr\/wp-json\/wp\/v2\/media?parent=7336"}],"wp:term":[{"taxonomy":"category","embeddable":true,"href":"https:\/\/visegradpost.com\/fr\/wp-json\/wp\/v2\/categories?post=7336"},{"taxonomy":"post_tag","embeddable":true,"href":"https:\/\/visegradpost.com\/fr\/wp-json\/wp\/v2\/tags?post=7336"}],"curies":[{"name":"wp","href":"https:\/\/api.w.org\/{rel}","templated":true}]}}